{"id":890,"date":"2025-06-07T09:37:32","date_gmt":"2025-06-07T09:37:32","guid":{"rendered":"https:\/\/beiradouro.pt\/vp\/?p=890"},"modified":"2025-06-11T02:02:17","modified_gmt":"2025-06-11T02:02:17","slug":"tabuaco","status":"publish","type":"post","link":"https:\/\/beiradouro.pt\/vp\/2025\/06\/07\/tabuaco\/","title":{"rendered":"TABUA\u00c7O"},"content":{"rendered":"\n<p>Tabua\u00e7o \u00e9 uma Vila do Distrito de Viseu, com cerca de 1800 habitantes. As ra\u00edzes desta vila remontam a \u00e9pocas conturbadas de reconquista e forma\u00e7\u00e3o da nacionalidade.<\/p>\n\n\n\n<p>O rio T\u00e1vora banha estas terras, que acolheram Monges de Cister; junto ao curso do rio, no per\u00edodo medieval, foram constru\u00eddos o Mosteiro e a Capela de S. Pedro das \u00c1guias.<\/p>\n\n\n\n<p>\u00c9 terra de contrastes, entre a serra e o vale, de uma beleza rara as margens do rio, tudo acompanhado de muita tranquilidade e ar puro.<\/p>\n\n\n\n<p>Aqui \u00e9 poss\u00edvel encontrar abundantes vest\u00edgios arqueol\u00f3gicos, casas solarengas e antigos monumentos. As suas vinhas produzem bons vinhos de mesa e Vinho do Porto de qualidade.<\/p>\n\n\n\n<div class=\"wp-block-buttons is-layout-flex wp-block-buttons-is-layout-flex\">\n<div class=\"wp-block-button\"><a class=\"wp-block-button__link wp-element-button\" href=\"https:\/\/www.cm-tabuaco.pt\/\" target=\"_blank\" rel=\"noreferrer noopener\">P\u00e1gina do Munic\u00edpio<\/a><\/div>\n<\/div>\n\n\n\n<p><\/p>\n\n\n\n<p><\/p>\n\n\n\n<p><\/p>\n","protected":false},"excerpt":{"rendered":"<p>Tabua\u00e7o \u00e9 uma Vila do Distrito de Viseu, com cerca de 1800 habitantes. As ra\u00edzes desta vila remontam a \u00e9pocas conturbadas de reconquista e forma\u00e7\u00e3o da nacionalidade. O rio T\u00e1vora banha estas terras, que acolheram Monges de Cister; junto ao curso do rio, no per\u00edodo medieval, foram constru\u00eddos o Mosteiro e a Capela de S. [&hellip;]<\/p>\n","protected":false},"author":2,"featured_media":394,"comment_status":"closed","ping_status":"closed","sticky":false,"template":"","format":"standard","meta":{"footnotes":""},"categories":[20],"tags":[],"class_list":["post-890","post","type-post","status-publish","format-standard","has-post-thumbnail","hentry","category-territorio"],"_links":{"self":[{"href":"https:\/\/beiradouro.pt\/vp\/wp-json\/wp\/v2\/posts\/890","targetHints":{"allow":["GET"]}}],"collection":[{"href":"https:\/\/beiradouro.pt\/vp\/wp-json\/wp\/v2\/posts"}],"about":[{"href":"https:\/\/beiradouro.pt\/vp\/wp-json\/wp\/v2\/types\/post"}],"author":[{"embeddable":true,"href":"https:\/\/beiradouro.pt\/vp\/wp-json\/wp\/v2\/users\/2"}],"replies":[{"embeddable":true,"href":"https:\/\/beiradouro.pt\/vp\/wp-json\/wp\/v2\/comments?post=890"}],"version-history":[{"count":4,"href":"https:\/\/beiradouro.pt\/vp\/wp-json\/wp\/v2\/posts\/890\/revisions"}],"predecessor-version":[{"id":901,"href":"https:\/\/beiradouro.pt\/vp\/wp-json\/wp\/v2\/posts\/890\/revisions\/901"}],"wp:featuredmedia":[{"embeddable":true,"href":"https:\/\/beiradouro.pt\/vp\/wp-json\/wp\/v2\/media\/394"}],"wp:attachment":[{"href":"https:\/\/beiradouro.pt\/vp\/wp-json\/wp\/v2\/media?parent=890"}],"wp:term":[{"taxonomy":"category","embeddable":true,"href":"https:\/\/beiradouro.pt\/vp\/wp-json\/wp\/v2\/categories?post=890"},{"taxonomy":"post_tag","embeddable":true,"href":"https:\/\/beiradouro.pt\/vp\/wp-json\/wp\/v2\/tags?post=890"}],"curies":[{"name":"wp","href":"https:\/\/api.w.org\/{rel}","templated":true}]}}