{"id":886,"date":"2025-06-07T09:35:09","date_gmt":"2025-06-07T09:35:09","guid":{"rendered":"https:\/\/beiradouro.pt\/vp\/?p=886"},"modified":"2025-06-11T02:02:32","modified_gmt":"2025-06-11T02:02:32","slug":"sao-joao-da-pesqueira","status":"publish","type":"post","link":"https:\/\/beiradouro.pt\/vp\/2025\/06\/07\/sao-joao-da-pesqueira\/","title":{"rendered":"S\u00c3O JO\u00c3O DA PESQUEIRA"},"content":{"rendered":"\n<p>S\u00e3o Jo\u00e3o da Pesqueira \u00e9 uma Vila do Distrito de Viseu com cerca de 2000 habitantes, localizada a cerca de 850 metros de altitude. O nome Pesqueira data do s\u00e9culo XII, e teve origem na abund\u00e2ncia de peixe nas \u00e1guas pr\u00f3ximas do enclave rochoso \u201cCach\u00e3o da Valeira\u201d.<\/p>\n\n\n\n<p>A Vila tem um dos mais antigos forais portugueses, outorgado por Fernando, o Magno, Rei de Castela e Le\u00e3o.<\/p>\n\n\n\n<p>Aqui domina a paisagem verde, da vinha, oliveira e amendoeira. Os miradouros d\u00e3o para paisagens soberbas do Douro com uma beleza encantadora.<\/p>\n\n\n\n<p>As pra\u00e7as e ruas da vila est\u00e3o cheias de solares brasonados capelas e igrejas rom\u00e2nicas, e conheceram importantes figuras da nossa hist\u00f3ria tais como os Condes de T\u00e1vora ou o Marqu\u00eas de Pombal.<\/p>\n\n\n\n<div class=\"wp-block-buttons is-layout-flex wp-block-buttons-is-layout-flex\">\n<div class=\"wp-block-button\"><a class=\"wp-block-button__link wp-element-button\" href=\"https:\/\/www.sjpesqueira.pt\/\" target=\"_blank\" rel=\"noreferrer noopener\">P\u00e1gina do Munic\u00edpio<\/a><\/div>\n<\/div>\n\n\n\n<p><\/p>\n\n\n\n<p><\/p>\n\n\n\n<p><\/p>\n","protected":false},"excerpt":{"rendered":"<p>S\u00e3o Jo\u00e3o da Pesqueira \u00e9 uma Vila do Distrito de Viseu com cerca de 2000 habitantes, localizada a cerca de 850 metros de altitude. O nome Pesqueira data do s\u00e9culo XII, e teve origem na abund\u00e2ncia de peixe nas \u00e1guas pr\u00f3ximas do enclave rochoso \u201cCach\u00e3o da Valeira\u201d. A Vila tem um dos mais antigos forais [&hellip;]<\/p>\n","protected":false},"author":2,"featured_media":401,"comment_status":"closed","ping_status":"closed","sticky":false,"template":"","format":"standard","meta":{"footnotes":""},"categories":[20],"tags":[],"class_list":["post-886","post","type-post","status-publish","format-standard","has-post-thumbnail","hentry","category-territorio"],"_links":{"self":[{"href":"https:\/\/beiradouro.pt\/vp\/wp-json\/wp\/v2\/posts\/886","targetHints":{"allow":["GET"]}}],"collection":[{"href":"https:\/\/beiradouro.pt\/vp\/wp-json\/wp\/v2\/posts"}],"about":[{"href":"https:\/\/beiradouro.pt\/vp\/wp-json\/wp\/v2\/types\/post"}],"author":[{"embeddable":true,"href":"https:\/\/beiradouro.pt\/vp\/wp-json\/wp\/v2\/users\/2"}],"replies":[{"embeddable":true,"href":"https:\/\/beiradouro.pt\/vp\/wp-json\/wp\/v2\/comments?post=886"}],"version-history":[{"count":2,"href":"https:\/\/beiradouro.pt\/vp\/wp-json\/wp\/v2\/posts\/886\/revisions"}],"predecessor-version":[{"id":898,"href":"https:\/\/beiradouro.pt\/vp\/wp-json\/wp\/v2\/posts\/886\/revisions\/898"}],"wp:featuredmedia":[{"embeddable":true,"href":"https:\/\/beiradouro.pt\/vp\/wp-json\/wp\/v2\/media\/401"}],"wp:attachment":[{"href":"https:\/\/beiradouro.pt\/vp\/wp-json\/wp\/v2\/media?parent=886"}],"wp:term":[{"taxonomy":"category","embeddable":true,"href":"https:\/\/beiradouro.pt\/vp\/wp-json\/wp\/v2\/categories?post=886"},{"taxonomy":"post_tag","embeddable":true,"href":"https:\/\/beiradouro.pt\/vp\/wp-json\/wp\/v2\/tags?post=886"}],"curies":[{"name":"wp","href":"https:\/\/api.w.org\/{rel}","templated":true}]}}