{"id":884,"date":"2025-06-07T09:34:31","date_gmt":"2025-06-07T09:34:31","guid":{"rendered":"https:\/\/beiradouro.pt\/vp\/?p=884"},"modified":"2025-06-11T02:02:36","modified_gmt":"2025-06-11T02:02:36","slug":"penedono","status":"publish","type":"post","link":"https:\/\/beiradouro.pt\/vp\/2025\/06\/07\/penedono\/","title":{"rendered":"PENEDONO"},"content":{"rendered":"\n<p>Penedono \u00e9 uma Vila do distrito de Viseu, com cerca de 1 100 habitantes. Domina a Vila o seu Castelo Medieval do s\u00e9culo XI. Reza a hist\u00f3ria que nesse mesmo Castelo nasceu o celebre \u201cGr\u00e3o Magri\u00e7o\u201d, um dos Doze da Inglaterra, imortalizado nos \u201cLus\u00edadas\u201d por Lu\u00eds de Cam\u00f5es.<\/p>\n\n\n\n<p>A sua \u00e9poca \u00e1urea foi vivida durante a 2\u00ba Guerra Mundial, quando foi descoberto o precioso volfr\u00e2mio nas suas terras, que foi ent\u00e3o extra\u00edda para ajudar na constru\u00e7\u00e3o do armamento militar.<\/p>\n\n\n\n<p>As paisagens de Penedono s\u00e3o fant\u00e1sticas e de fortes contrastes. Os solos s\u00e3o ocupados com grandes castanheiros, pastos e ancestrais monumentos megal\u00edticos.<\/p>\n\n\n\n<p>A devo\u00e7\u00e3o das suas gentes pelos santos padroeiros exprime-se nas festas e romarias que animam as freguesias devotas.<\/p>\n\n\n\n<div class=\"wp-block-buttons is-layout-flex wp-block-buttons-is-layout-flex\">\n<div class=\"wp-block-button\"><a class=\"wp-block-button__link wp-element-button\" href=\"https:\/\/www.cm-penedono.pt\/\" target=\"_blank\" rel=\"noreferrer noopener\">P\u00e1gina do Munic\u00edpio<\/a><\/div>\n<\/div>\n\n\n\n<p><\/p>\n\n\n\n<p><\/p>\n\n\n\n<p><\/p>\n","protected":false},"excerpt":{"rendered":"<p>Penedono \u00e9 uma Vila do distrito de Viseu, com cerca de 1 100 habitantes. Domina a Vila o seu Castelo Medieval do s\u00e9culo XI. Reza a hist\u00f3ria que nesse mesmo Castelo nasceu o celebre \u201cGr\u00e3o Magri\u00e7o\u201d, um dos Doze da Inglaterra, imortalizado nos \u201cLus\u00edadas\u201d por Lu\u00eds de Cam\u00f5es. A sua \u00e9poca \u00e1urea foi vivida durante [&hellip;]<\/p>\n","protected":false},"author":2,"featured_media":397,"comment_status":"closed","ping_status":"closed","sticky":false,"template":"","format":"standard","meta":{"footnotes":""},"categories":[20],"tags":[],"class_list":["post-884","post","type-post","status-publish","format-standard","has-post-thumbnail","hentry","category-territorio"],"_links":{"self":[{"href":"https:\/\/beiradouro.pt\/vp\/wp-json\/wp\/v2\/posts\/884","targetHints":{"allow":["GET"]}}],"collection":[{"href":"https:\/\/beiradouro.pt\/vp\/wp-json\/wp\/v2\/posts"}],"about":[{"href":"https:\/\/beiradouro.pt\/vp\/wp-json\/wp\/v2\/types\/post"}],"author":[{"embeddable":true,"href":"https:\/\/beiradouro.pt\/vp\/wp-json\/wp\/v2\/users\/2"}],"replies":[{"embeddable":true,"href":"https:\/\/beiradouro.pt\/vp\/wp-json\/wp\/v2\/comments?post=884"}],"version-history":[{"count":2,"href":"https:\/\/beiradouro.pt\/vp\/wp-json\/wp\/v2\/posts\/884\/revisions"}],"predecessor-version":[{"id":897,"href":"https:\/\/beiradouro.pt\/vp\/wp-json\/wp\/v2\/posts\/884\/revisions\/897"}],"wp:featuredmedia":[{"embeddable":true,"href":"https:\/\/beiradouro.pt\/vp\/wp-json\/wp\/v2\/media\/397"}],"wp:attachment":[{"href":"https:\/\/beiradouro.pt\/vp\/wp-json\/wp\/v2\/media?parent=884"}],"wp:term":[{"taxonomy":"category","embeddable":true,"href":"https:\/\/beiradouro.pt\/vp\/wp-json\/wp\/v2\/categories?post=884"},{"taxonomy":"post_tag","embeddable":true,"href":"https:\/\/beiradouro.pt\/vp\/wp-json\/wp\/v2\/tags?post=884"}],"curies":[{"name":"wp","href":"https:\/\/api.w.org\/{rel}","templated":true}]}}