{"id":882,"date":"2025-06-07T09:33:48","date_gmt":"2025-06-07T09:33:48","guid":{"rendered":"https:\/\/beiradouro.pt\/vp\/?p=882"},"modified":"2025-06-11T02:02:40","modified_gmt":"2025-06-11T02:02:40","slug":"moimenta-da-beira","status":"publish","type":"post","link":"https:\/\/beiradouro.pt\/vp\/2025\/06\/07\/moimenta-da-beira\/","title":{"rendered":"MOIMENTA DA BEIRA"},"content":{"rendered":"\n<p>\u00c9 uma Vila do Distrito de Viseu. A Vila de Moimenta da Beira ter\u00e1 sido formada no s\u00e9culo XIII, por Egas Moniz, depois do repovoamento, feito pelo Conde D. Henrique, ap\u00f3s a Reconquista Crist\u00e3.<\/p>\n\n\n\n<p>A sua paisagem montanhosa e gran\u00edtica em contrate com a zona ribeirinha da Albufeira do Vilar atraiu povos pr\u00e9-hist\u00f3ricos: civiliza\u00e7\u00f5es castrejas, romanos e \u00e1rabes.<\/p>\n\n\n\n<p>Aqui \u00e9 poss\u00edvel encontrar muitos vest\u00edgios pr\u00e9-hist\u00f3ricos e praias fluviais que convidam a descontrair.<\/p>\n\n\n\n<p>H\u00e1 pomares de ma\u00e7\u00e3 e campos de batatas e cereais; pastos verdes cobertos de gado e rebanhos de ovelhas.<\/p>\n\n\n\n<div class=\"wp-block-buttons is-layout-flex wp-block-buttons-is-layout-flex\">\n<div class=\"wp-block-button\"><a class=\"wp-block-button__link wp-element-button\" href=\"https:\/\/www.cm-moimenta.pt\/\" target=\"_blank\" rel=\"noreferrer noopener\">P\u00e1gina do Munic\u00edpio<\/a><\/div>\n<\/div>\n\n\n\n<p><\/p>\n\n\n\n<p><\/p>\n\n\n\n<p><\/p>\n","protected":false},"excerpt":{"rendered":"<p>\u00c9 uma Vila do Distrito de Viseu. A Vila de Moimenta da Beira ter\u00e1 sido formada no s\u00e9culo XIII, por Egas Moniz, depois do repovoamento, feito pelo Conde D. Henrique, ap\u00f3s a Reconquista Crist\u00e3. A sua paisagem montanhosa e gran\u00edtica em contrate com a zona ribeirinha da Albufeira do Vilar atraiu povos pr\u00e9-hist\u00f3ricos: civiliza\u00e7\u00f5es castrejas, [&hellip;]<\/p>\n","protected":false},"author":2,"featured_media":398,"comment_status":"closed","ping_status":"closed","sticky":false,"template":"","format":"standard","meta":{"footnotes":""},"categories":[20],"tags":[],"class_list":["post-882","post","type-post","status-publish","format-standard","has-post-thumbnail","hentry","category-territorio"],"_links":{"self":[{"href":"https:\/\/beiradouro.pt\/vp\/wp-json\/wp\/v2\/posts\/882","targetHints":{"allow":["GET"]}}],"collection":[{"href":"https:\/\/beiradouro.pt\/vp\/wp-json\/wp\/v2\/posts"}],"about":[{"href":"https:\/\/beiradouro.pt\/vp\/wp-json\/wp\/v2\/types\/post"}],"author":[{"embeddable":true,"href":"https:\/\/beiradouro.pt\/vp\/wp-json\/wp\/v2\/users\/2"}],"replies":[{"embeddable":true,"href":"https:\/\/beiradouro.pt\/vp\/wp-json\/wp\/v2\/comments?post=882"}],"version-history":[{"count":2,"href":"https:\/\/beiradouro.pt\/vp\/wp-json\/wp\/v2\/posts\/882\/revisions"}],"predecessor-version":[{"id":896,"href":"https:\/\/beiradouro.pt\/vp\/wp-json\/wp\/v2\/posts\/882\/revisions\/896"}],"wp:featuredmedia":[{"embeddable":true,"href":"https:\/\/beiradouro.pt\/vp\/wp-json\/wp\/v2\/media\/398"}],"wp:attachment":[{"href":"https:\/\/beiradouro.pt\/vp\/wp-json\/wp\/v2\/media?parent=882"}],"wp:term":[{"taxonomy":"category","embeddable":true,"href":"https:\/\/beiradouro.pt\/vp\/wp-json\/wp\/v2\/categories?post=882"},{"taxonomy":"post_tag","embeddable":true,"href":"https:\/\/beiradouro.pt\/vp\/wp-json\/wp\/v2\/tags?post=882"}],"curies":[{"name":"wp","href":"https:\/\/api.w.org\/{rel}","templated":true}]}}