{"id":870,"date":"2025-06-07T09:25:43","date_gmt":"2025-06-07T09:25:43","guid":{"rendered":"https:\/\/beiradouro.pt\/vp\/?p=870"},"modified":"2025-06-11T02:03:02","modified_gmt":"2025-06-11T02:03:02","slug":"armamar","status":"publish","type":"post","link":"https:\/\/beiradouro.pt\/vp\/2025\/06\/07\/armamar\/","title":{"rendered":"ARMAMAR"},"content":{"rendered":"\n<p>\u00c9 uma vila hist\u00f3rica, de origem goda, situada a cerca de 500 metros de altitude na encosta de um monte. Na sua hist\u00f3ria consta a passagem de D. Afonso Henriques (1\u00ba Rei de Portugal) e do seu aio D. Egas Moniz.<\/p>\n\n\n\n<p>Os seus miradouros d\u00e3o para paisagens magn\u00edficas, onde h\u00e1 terrenos que se dividem entre pomares de ma\u00e7\u00e3 e vinhas. H\u00e1 tamb\u00e9m terrenos com medronheiros (fruto vermelho de sabor agridoce) que s\u00e3o, na sua maioria, transformados em \u00e1lcool.<\/p>\n\n\n\n<p>A gastronomia \u00e9 rica, sendo o cabritinho assado o prato mais tradicional acompanhado por bons vinhos. O artesanato \u00e9 singular (latoaria, tecelagem, tanoaria, cestaria e cal\u00e7ado em madeira).<strong>Sum\u00e1rio:<\/strong>stabelece o regime espec\u00edfico da tipologia D.1.1.1, \u00abImplementa\u00e7\u00e3o das estrat\u00e9gias\u00bb, inte grada na interven\u00e7\u00e3o D.1.1, \u00abEstrat\u00e9gias de desenvolvimento local\u00bb, do dom\u00ednio D.1, \u00abDesenvolvimento local de base comunit\u00e1ria\u00bb, do eixo D, \u00abAbordagem territorial integrada\u00bb, do Plano Estrat\u00e9gico da Pol\u00edtica Agr\u00edcola Comum para Portugal (PEPAC Portugal)<\/p>\n\n\n\n<div class=\"wp-block-buttons is-layout-flex wp-block-buttons-is-layout-flex\">\n<div class=\"wp-block-button\"><a class=\"wp-block-button__link wp-element-button\" href=\"https:\/\/www.cm-armamar.pt\/\" target=\"_blank\" rel=\"noreferrer noopener\">P\u00e1gina do Munic\u00edpio<\/a><\/div>\n<\/div>\n\n\n\n<p><\/p>\n\n\n\n<p><\/p>\n\n\n\n<p><\/p>\n","protected":false},"excerpt":{"rendered":"<p>\u00c9 uma vila hist\u00f3rica, de origem goda, situada a cerca de 500 metros de altitude na encosta de um monte. Na sua hist\u00f3ria consta a passagem de D. Afonso Henriques (1\u00ba Rei de Portugal) e do seu aio D. Egas Moniz. Os seus miradouros d\u00e3o para paisagens magn\u00edficas, onde h\u00e1 terrenos que se dividem entre [&hellip;]<\/p>\n","protected":false},"author":2,"featured_media":401,"comment_status":"closed","ping_status":"closed","sticky":false,"template":"","format":"standard","meta":{"footnotes":""},"categories":[20],"tags":[],"class_list":["post-870","post","type-post","status-publish","format-standard","has-post-thumbnail","hentry","category-territorio"],"_links":{"self":[{"href":"https:\/\/beiradouro.pt\/vp\/wp-json\/wp\/v2\/posts\/870","targetHints":{"allow":["GET"]}}],"collection":[{"href":"https:\/\/beiradouro.pt\/vp\/wp-json\/wp\/v2\/posts"}],"about":[{"href":"https:\/\/beiradouro.pt\/vp\/wp-json\/wp\/v2\/types\/post"}],"author":[{"embeddable":true,"href":"https:\/\/beiradouro.pt\/vp\/wp-json\/wp\/v2\/users\/2"}],"replies":[{"embeddable":true,"href":"https:\/\/beiradouro.pt\/vp\/wp-json\/wp\/v2\/comments?post=870"}],"version-history":[{"count":2,"href":"https:\/\/beiradouro.pt\/vp\/wp-json\/wp\/v2\/posts\/870\/revisions"}],"predecessor-version":[{"id":876,"href":"https:\/\/beiradouro.pt\/vp\/wp-json\/wp\/v2\/posts\/870\/revisions\/876"}],"wp:featuredmedia":[{"embeddable":true,"href":"https:\/\/beiradouro.pt\/vp\/wp-json\/wp\/v2\/media\/401"}],"wp:attachment":[{"href":"https:\/\/beiradouro.pt\/vp\/wp-json\/wp\/v2\/media?parent=870"}],"wp:term":[{"taxonomy":"category","embeddable":true,"href":"https:\/\/beiradouro.pt\/vp\/wp-json\/wp\/v2\/categories?post=870"},{"taxonomy":"post_tag","embeddable":true,"href":"https:\/\/beiradouro.pt\/vp\/wp-json\/wp\/v2\/tags?post=870"}],"curies":[{"name":"wp","href":"https:\/\/api.w.org\/{rel}","templated":true}]}}