{"id":1302,"date":"2026-03-06T15:26:21","date_gmt":"2026-03-06T15:26:21","guid":{"rendered":"https:\/\/beiradouro.pt\/vp\/?p=1302"},"modified":"2026-03-24T15:57:26","modified_gmt":"2026-03-24T15:57:26","slug":"intercambio-de-experiencias-leader-segovia-espanha","status":"publish","type":"post","link":"https:\/\/beiradouro.pt\/vp\/2026\/03\/06\/intercambio-de-experiencias-leader-segovia-espanha\/","title":{"rendered":"INTERC\u00c2MBIO DE EXPERI\u00caNCIAS LEADER &#8211; Seg\u00f3via, Espanha ."},"content":{"rendered":"\n<p>A Beira Douro esteve presente no passado dia 03 de mar\u00e7o de 2026, no encontro internacional de coopera\u00e7\u00e3o LEADER organizada pela Red PAC e pelo Ministerio de Agricultura, Pesca y Alimentaci\u00f3n de Espanha, e que contou com a participa\u00e7\u00e3o de diversos GAL a n\u00edvel europeu.<\/p>\n\n\n\n<p>A coopera\u00e7\u00e3o entre os Grupos de Ac\u00e7\u00e3o Local (GAL) na Europa insere-se na abordagem LEADER e visa a troca de experi\u00eancias, boas pr\u00e1ticas e conhecimentos, gerando sinergias que fortalecem as capacidades locais para enfrentar desafios comuns. Desta forma, a coopera\u00e7\u00e3o LEADER ajuda os atores locais a impulsionar o potencial dos seus territ\u00f3rios atrav\u00e9s de redes din\u00e2micas.<\/p>\n\n\n\n<p>Esta confer\u00eancia procurou:<\/p>\n\n\n\n<ul class=\"wp-block-list\">\n<li>Sensibilizar para as oportunidades de coopera\u00e7\u00e3o LEADER no per\u00edodo de programa\u00e7\u00e3o 2023-2027.<\/li>\n\n\n\n<li>Divulgar as iniciativas da Rede Europeia da PAC para refor\u00e7ar as redes entre os GAL europeus.<\/li>\n\n\n\n<li>Apresentar boas pr\u00e1ticas de coopera\u00e7\u00e3o LEADER a n\u00edvel inter-regional, interterritorial e transnacional.<\/li>\n\n\n\n<li>Promover o aparecimento de novos projetos de coopera\u00e7\u00e3o LEADER, bem como a ades\u00e3o de novos parceiros a projetos de coopera\u00e7\u00e3o na fase inicial ou em curso.<\/li>\n<\/ul>\n\n\n\n<p>A parceria entre os GAL Valle Umbra e Sibillini, Raia Hist\u00f3rica e Beira Douro, apresentou o seu novo projeto de coopera\u00e7\u00e3o &#8220;Cultural Identity&#8221;, tendo dinamizado a ades\u00e3o de novos parceiros ao projeto.<\/p>\n\n\n\n<p>Mais informa\u00e7\u00f5es sobre o este evento <a href=\"https:\/\/redpac.es\/evento\/intercambio-experiencias-leader-cooperacion-leader-experience-exchange-cooperation\" data-type=\"link\" data-id=\"https:\/\/beiradouro.pt\/vp\/douro-empreendedor\/de-formacao-e-capacitacao\/\">atrav\u00e9s deste link<\/a>.<\/p>\n\n\n\n<p><\/p>\n","protected":false},"excerpt":{"rendered":"<p>A Beira Douro esteve presente no passado dia 03 de mar\u00e7o de 2026, no encontro internacional de coopera\u00e7\u00e3o LEADER organizada pela Red PAC e pelo Ministerio de Agricultura, Pesca y Alimentaci\u00f3n de Espanha, e que contou com a participa\u00e7\u00e3o de diversos GAL a n\u00edvel europeu. A coopera\u00e7\u00e3o entre os Grupos de Ac\u00e7\u00e3o Local (GAL) na [&hellip;]<\/p>\n","protected":false},"author":2,"featured_media":1303,"comment_status":"closed","ping_status":"closed","sticky":false,"template":"","format":"standard","meta":{"footnotes":""},"categories":[19],"tags":[],"class_list":["post-1302","post","type-post","status-publish","format-standard","has-post-thumbnail","hentry","category-noticias"],"_links":{"self":[{"href":"https:\/\/beiradouro.pt\/vp\/wp-json\/wp\/v2\/posts\/1302","targetHints":{"allow":["GET"]}}],"collection":[{"href":"https:\/\/beiradouro.pt\/vp\/wp-json\/wp\/v2\/posts"}],"about":[{"href":"https:\/\/beiradouro.pt\/vp\/wp-json\/wp\/v2\/types\/post"}],"author":[{"embeddable":true,"href":"https:\/\/beiradouro.pt\/vp\/wp-json\/wp\/v2\/users\/2"}],"replies":[{"embeddable":true,"href":"https:\/\/beiradouro.pt\/vp\/wp-json\/wp\/v2\/comments?post=1302"}],"version-history":[{"count":2,"href":"https:\/\/beiradouro.pt\/vp\/wp-json\/wp\/v2\/posts\/1302\/revisions"}],"predecessor-version":[{"id":1306,"href":"https:\/\/beiradouro.pt\/vp\/wp-json\/wp\/v2\/posts\/1302\/revisions\/1306"}],"wp:featuredmedia":[{"embeddable":true,"href":"https:\/\/beiradouro.pt\/vp\/wp-json\/wp\/v2\/media\/1303"}],"wp:attachment":[{"href":"https:\/\/beiradouro.pt\/vp\/wp-json\/wp\/v2\/media?parent=1302"}],"wp:term":[{"taxonomy":"category","embeddable":true,"href":"https:\/\/beiradouro.pt\/vp\/wp-json\/wp\/v2\/categories?post=1302"},{"taxonomy":"post_tag","embeddable":true,"href":"https:\/\/beiradouro.pt\/vp\/wp-json\/wp\/v2\/tags?post=1302"}],"curies":[{"name":"wp","href":"https:\/\/api.w.org\/{rel}","templated":true}]}}