{"id":1299,"date":"2026-03-24T15:07:07","date_gmt":"2026-03-24T15:07:07","guid":{"rendered":"https:\/\/beiradouro.pt\/vp\/?p=1299"},"modified":"2026-03-24T15:07:09","modified_gmt":"2026-03-24T15:07:09","slug":"projeto-a-que-cheira-o-douro-reconhecido-a-nivel-europeu","status":"publish","type":"post","link":"https:\/\/beiradouro.pt\/vp\/2026\/03\/24\/projeto-a-que-cheira-o-douro-reconhecido-a-nivel-europeu\/","title":{"rendered":"Projeto &#8220;A que cheira o Douro&#8221; reconhecido a n\u00edvel europeu."},"content":{"rendered":"\n<p>O projeto &#8220;A que cheira o Douro&#8221; desenvolvido em parceria pelos GAL Beira Douro, Douro Hist\u00f3rico, e Douro Superior, foi reconhecido e partilhado pela EUCAP NETWORK como uma boa-pr\u00e1tica de n\u00edvel europeu, passando a integrar a sua base de dados de exemplos inspiradores.<\/p>\n\n\n\n<p>Esta publica\u00e7\u00e3o pode ser consultada atrav\u00e9s do link: <a href=\"https:\/\/eu-cap-network.ec.europa.eu\/good-practice\/que-cheira-o-dourowhat-does-douro-smell_en#tab_id=overview\">https:\/\/eu-cap-network.ec.europa.eu\/good-practice\/que-cheira-o-dourowhat-does-douro-smell_en#tab_id=overview<\/a><\/p>\n\n\n\n<p>Ao integrar a inova\u00e7\u00e3o agr\u00edcola, a valoriza\u00e7\u00e3o da identidade territorial e o envolvimento da comunidade, o projeto teve como objetivo revitalizar culturas esquecidas, fortalecer a identidade local e diversificar a economia regional, preservando simultaneamente a autenticidade da paisagem agr\u00edcola do Douro.<\/p>\n\n\n\n<p>Este projeto procurou ainda:<\/p>\n\n\n\n<ul class=\"wp-block-list\">\n<li>Estudar o terroir do Douro enquanto ber\u00e7o de produtos agr\u00edcolas de elevada qualidade;<\/li>\n\n\n\n<li>Recuperar as hortas tradicionais do Douro atrav\u00e9s da sua dinamiza\u00e7\u00e3o e promo\u00e7\u00e3o;<\/li>\n\n\n\n<li>Promover a investiga\u00e7\u00e3o, desenvolvimento tecnol\u00f3gico e inova\u00e7\u00e3o nas produ\u00e7\u00f5es<br>hort\u00edcolas do Douro;<\/li>\n\n\n\n<li>Diversificar a oferta tur\u00edstica do Douro criando um novo produto, as Hortas do Douro;<\/li>\n\n\n\n<li>Promover e valorizar o &#8220;Tomate Cora\u00e7\u00e3o de boi do Douro&#8221; como produto de excel\u00eancia,<br>fora do circuito Gourmet;<\/li>\n\n\n\n<li>Fomentar a produ\u00e7\u00e3o de tomate cora\u00e7\u00e3o de boi do Douro valorizando a sua import\u00e2ncia<br>econ\u00f3mica na diversifica\u00e7\u00e3o da actividade agr\u00edcola da regi\u00e3o;<\/li>\n\n\n\n<li>Alargar a rede de parcerias regionais.<\/li>\n<\/ul>\n\n\n\n<p>Mais informa\u00e7\u00f5es sobre o projeto &#8220;A que cheira o Douro&#8221; <a href=\"https:\/\/beiradouro.pt\/vp\/projetos\/\" data-type=\"link\" data-id=\"https:\/\/beiradouro.pt\/vp\/douro-empreendedor\/de-formacao-e-capacitacao\/\">atrav\u00e9s deste link<\/a>.<\/p>\n","protected":false},"excerpt":{"rendered":"<p>O projeto &#8220;A que cheira o Douro&#8221; desenvolvido em parceria pelos GAL Beira Douro, Douro Hist\u00f3rico, e Douro Superior, foi reconhecido e partilhado pela EUCAP NETWORK como uma boa-pr\u00e1tica de n\u00edvel europeu, passando a integrar a sua base de dados de exemplos inspiradores. Esta publica\u00e7\u00e3o pode ser consultada atrav\u00e9s do link: https:\/\/eu-cap-network.ec.europa.eu\/good-practice\/que-cheira-o-dourowhat-does-douro-smell_en#tab_id=overview Ao integrar a [&hellip;]<\/p>\n","protected":false},"author":2,"featured_media":1300,"comment_status":"closed","ping_status":"closed","sticky":false,"template":"","format":"standard","meta":{"footnotes":""},"categories":[19],"tags":[],"class_list":["post-1299","post","type-post","status-publish","format-standard","has-post-thumbnail","hentry","category-noticias"],"_links":{"self":[{"href":"https:\/\/beiradouro.pt\/vp\/wp-json\/wp\/v2\/posts\/1299","targetHints":{"allow":["GET"]}}],"collection":[{"href":"https:\/\/beiradouro.pt\/vp\/wp-json\/wp\/v2\/posts"}],"about":[{"href":"https:\/\/beiradouro.pt\/vp\/wp-json\/wp\/v2\/types\/post"}],"author":[{"embeddable":true,"href":"https:\/\/beiradouro.pt\/vp\/wp-json\/wp\/v2\/users\/2"}],"replies":[{"embeddable":true,"href":"https:\/\/beiradouro.pt\/vp\/wp-json\/wp\/v2\/comments?post=1299"}],"version-history":[{"count":1,"href":"https:\/\/beiradouro.pt\/vp\/wp-json\/wp\/v2\/posts\/1299\/revisions"}],"predecessor-version":[{"id":1301,"href":"https:\/\/beiradouro.pt\/vp\/wp-json\/wp\/v2\/posts\/1299\/revisions\/1301"}],"wp:featuredmedia":[{"embeddable":true,"href":"https:\/\/beiradouro.pt\/vp\/wp-json\/wp\/v2\/media\/1300"}],"wp:attachment":[{"href":"https:\/\/beiradouro.pt\/vp\/wp-json\/wp\/v2\/media?parent=1299"}],"wp:term":[{"taxonomy":"category","embeddable":true,"href":"https:\/\/beiradouro.pt\/vp\/wp-json\/wp\/v2\/categories?post=1299"},{"taxonomy":"post_tag","embeddable":true,"href":"https:\/\/beiradouro.pt\/vp\/wp-json\/wp\/v2\/tags?post=1299"}],"curies":[{"name":"wp","href":"https:\/\/api.w.org\/{rel}","templated":true}]}}