{"id":1283,"date":"2026-03-24T12:32:03","date_gmt":"2026-03-24T12:32:03","guid":{"rendered":"https:\/\/beiradouro.pt\/vp\/?p=1283"},"modified":"2026-03-24T16:53:06","modified_gmt":"2026-03-24T16:53:06","slug":"sessao-de-boas-praticas-inovacoes-no-turismo-e-enoturismo","status":"publish","type":"post","link":"https:\/\/beiradouro.pt\/vp\/2026\/03\/24\/sessao-de-boas-praticas-inovacoes-no-turismo-e-enoturismo\/","title":{"rendered":"Sess\u00e3o de Boas Pr\u00e1ticas \u201cInova\u00e7\u00f5es no Turismo e Enoturismo\u201d"},"content":{"rendered":"\n<p>Realizou-se no passado dia 17 de mar\u00e7o, a Sess\u00e3o de Boas Pr\u00e1ticas &#8220;Inova\u00e7\u00f5es no Turismo e Enoturismo&#8221;, dinamizado pela\u00a0Beira Douro &#8211; Associa\u00e7\u00e3o de Desenvolvimento do Vale do Douro.<\/p>\n\n\n\n<p>Esta a\u00e7\u00e3o, inserida no Projeto Douro Empreendedor, decorreu na Quinta do Monte Travesso em Tabua\u00e7o e contou com a presen\u00e7a de 27 convidados, entre os quais: Quinta do Pessegueiro, Quinta da Padrela, CCDR-N, Sociedade Agr\u00edcola Vale da Buza, Alta Pontua\u00e7\u00e3o, Adega de Sabrosa, Valle da Estrada, ESTGL Lamego, Turismo Porto e Norte, Team Douro e Quinta do Tedo. <br><br>Procurou-se incentivar a troca de experi\u00eancias e metodologias entre os participantes, e promover uma reflex\u00e3o sobre a realidade do Turismo e Enoturismo na regi\u00e3o do Douro. <\/p>\n\n\n\n<p>Foi realizada a visita ao projeto de enoturismo da Quinta de Monte Travesso apoiado no \u00e2mbito do PDR2020, uma prova de vinhos e azeites, bem como, a apresenta\u00e7\u00e3o de casos pr\u00e1ticos.<\/p>\n\n\n\n<p>Mais informa\u00e7\u00f5es sobre o projeto Douro Empreendedor <a href=\"https:\/\/beiradouro.pt\/vp\/douro-empreendedor\/\" data-type=\"link\" data-id=\"https:\/\/beiradouro.pt\/vp\/douro-empreendedor\/de-formacao-e-capacitacao\/\">atrav\u00e9s deste link<\/a>.<\/p>\n\n\n\n<figure class=\"wp-block-gallery has-nested-images columns-default is-cropped wp-block-gallery-1 is-layout-flex wp-block-gallery-is-layout-flex\">\n<figure class=\"wp-block-image size-large\"><img fetchpriority=\"high\" decoding=\"async\" width=\"1024\" height=\"1024\" data-id=\"1288\" src=\"https:\/\/beiradouro.pt\/vp\/wp-content\/uploads\/2026\/03\/DSC_1766-1024x1024.jpg\" alt=\"\" class=\"wp-image-1288\" srcset=\"https:\/\/beiradouro.pt\/vp\/wp-content\/uploads\/2026\/03\/DSC_1766-1024x1024.jpg 1024w, https:\/\/beiradouro.pt\/vp\/wp-content\/uploads\/2026\/03\/DSC_1766-300x300.jpg 300w, https:\/\/beiradouro.pt\/vp\/wp-content\/uploads\/2026\/03\/DSC_1766-150x150.jpg 150w, https:\/\/beiradouro.pt\/vp\/wp-content\/uploads\/2026\/03\/DSC_1766-768x768.jpg 768w\" sizes=\"(max-width: 1024px) 100vw, 1024px\" \/><\/figure>\n\n\n\n<figure class=\"wp-block-image size-large\"><img decoding=\"async\" width=\"1024\" height=\"1024\" data-id=\"1284\" src=\"https:\/\/beiradouro.pt\/vp\/wp-content\/uploads\/2026\/03\/DSC_1801-1024x1024.jpg\" alt=\"\" class=\"wp-image-1284\" srcset=\"https:\/\/beiradouro.pt\/vp\/wp-content\/uploads\/2026\/03\/DSC_1801-1024x1024.jpg 1024w, https:\/\/beiradouro.pt\/vp\/wp-content\/uploads\/2026\/03\/DSC_1801-300x300.jpg 300w, https:\/\/beiradouro.pt\/vp\/wp-content\/uploads\/2026\/03\/DSC_1801-150x150.jpg 150w, https:\/\/beiradouro.pt\/vp\/wp-content\/uploads\/2026\/03\/DSC_1801-768x768.jpg 768w\" sizes=\"(max-width: 1024px) 100vw, 1024px\" \/><\/figure>\n\n\n\n<figure class=\"wp-block-image size-large\"><img decoding=\"async\" width=\"1024\" height=\"1024\" data-id=\"1285\" src=\"https:\/\/beiradouro.pt\/vp\/wp-content\/uploads\/2026\/03\/DSC_1852-1024x1024.jpg\" alt=\"\" class=\"wp-image-1285\" srcset=\"https:\/\/beiradouro.pt\/vp\/wp-content\/uploads\/2026\/03\/DSC_1852-1024x1024.jpg 1024w, https:\/\/beiradouro.pt\/vp\/wp-content\/uploads\/2026\/03\/DSC_1852-300x300.jpg 300w, https:\/\/beiradouro.pt\/vp\/wp-content\/uploads\/2026\/03\/DSC_1852-150x150.jpg 150w, https:\/\/beiradouro.pt\/vp\/wp-content\/uploads\/2026\/03\/DSC_1852-768x768.jpg 768w\" sizes=\"(max-width: 1024px) 100vw, 1024px\" \/><\/figure>\n\n\n\n<figure class=\"wp-block-image size-large\"><img loading=\"lazy\" decoding=\"async\" width=\"1024\" height=\"1024\" data-id=\"1286\" src=\"https:\/\/beiradouro.pt\/vp\/wp-content\/uploads\/2026\/03\/DSC_1861-1024x1024.jpg\" alt=\"\" class=\"wp-image-1286\" srcset=\"https:\/\/beiradouro.pt\/vp\/wp-content\/uploads\/2026\/03\/DSC_1861-1024x1024.jpg 1024w, https:\/\/beiradouro.pt\/vp\/wp-content\/uploads\/2026\/03\/DSC_1861-300x300.jpg 300w, https:\/\/beiradouro.pt\/vp\/wp-content\/uploads\/2026\/03\/DSC_1861-150x150.jpg 150w, https:\/\/beiradouro.pt\/vp\/wp-content\/uploads\/2026\/03\/DSC_1861-768x768.jpg 768w\" sizes=\"(max-width: 1024px) 100vw, 1024px\" \/><\/figure>\n\n\n\n<figure class=\"wp-block-image size-large\"><img loading=\"lazy\" decoding=\"async\" width=\"1024\" height=\"1024\" data-id=\"1289\" src=\"https:\/\/beiradouro.pt\/vp\/wp-content\/uploads\/2026\/03\/DSC_1921-1024x1024.jpg\" alt=\"\" class=\"wp-image-1289\" srcset=\"https:\/\/beiradouro.pt\/vp\/wp-content\/uploads\/2026\/03\/DSC_1921-1024x1024.jpg 1024w, https:\/\/beiradouro.pt\/vp\/wp-content\/uploads\/2026\/03\/DSC_1921-300x300.jpg 300w, https:\/\/beiradouro.pt\/vp\/wp-content\/uploads\/2026\/03\/DSC_1921-150x150.jpg 150w, https:\/\/beiradouro.pt\/vp\/wp-content\/uploads\/2026\/03\/DSC_1921-768x768.jpg 768w\" sizes=\"(max-width: 1024px) 100vw, 1024px\" \/><\/figure>\n\n\n\n<figure class=\"wp-block-image size-large\"><img loading=\"lazy\" decoding=\"async\" width=\"1024\" height=\"1024\" data-id=\"1296\" src=\"https:\/\/beiradouro.pt\/vp\/wp-content\/uploads\/2026\/03\/DSC_1949-1-1024x1024.jpg\" alt=\"\" class=\"wp-image-1296\" srcset=\"https:\/\/beiradouro.pt\/vp\/wp-content\/uploads\/2026\/03\/DSC_1949-1-1024x1024.jpg 1024w, https:\/\/beiradouro.pt\/vp\/wp-content\/uploads\/2026\/03\/DSC_1949-1-300x300.jpg 300w, https:\/\/beiradouro.pt\/vp\/wp-content\/uploads\/2026\/03\/DSC_1949-1-150x150.jpg 150w, https:\/\/beiradouro.pt\/vp\/wp-content\/uploads\/2026\/03\/DSC_1949-1-768x768.jpg 768w\" sizes=\"(max-width: 1024px) 100vw, 1024px\" \/><\/figure>\n<\/figure>\n\n\n\n<figure class=\"wp-block-gallery has-nested-images columns-default is-cropped wp-block-gallery-2 is-layout-flex wp-block-gallery-is-layout-flex\">\n<figure class=\"wp-block-image size-large\"><img loading=\"lazy\" decoding=\"async\" width=\"1024\" height=\"1024\" data-id=\"1295\" src=\"https:\/\/beiradouro.pt\/vp\/wp-content\/uploads\/2026\/03\/DSC_1937-1024x1024.jpg\" alt=\"\" class=\"wp-image-1295\" srcset=\"https:\/\/beiradouro.pt\/vp\/wp-content\/uploads\/2026\/03\/DSC_1937-1024x1024.jpg 1024w, https:\/\/beiradouro.pt\/vp\/wp-content\/uploads\/2026\/03\/DSC_1937-300x300.jpg 300w, https:\/\/beiradouro.pt\/vp\/wp-content\/uploads\/2026\/03\/DSC_1937-150x150.jpg 150w, https:\/\/beiradouro.pt\/vp\/wp-content\/uploads\/2026\/03\/DSC_1937-768x768.jpg 768w\" sizes=\"(max-width: 1024px) 100vw, 1024px\" \/><\/figure>\n\n\n\n<figure class=\"wp-block-image size-large\"><img loading=\"lazy\" decoding=\"async\" width=\"1024\" height=\"1024\" data-id=\"1292\" src=\"https:\/\/beiradouro.pt\/vp\/wp-content\/uploads\/2026\/03\/DSC_1973-2-1024x1024.jpg\" alt=\"\" class=\"wp-image-1292\" srcset=\"https:\/\/beiradouro.pt\/vp\/wp-content\/uploads\/2026\/03\/DSC_1973-2-1024x1024.jpg 1024w, https:\/\/beiradouro.pt\/vp\/wp-content\/uploads\/2026\/03\/DSC_1973-2-300x300.jpg 300w, https:\/\/beiradouro.pt\/vp\/wp-content\/uploads\/2026\/03\/DSC_1973-2-150x150.jpg 150w, https:\/\/beiradouro.pt\/vp\/wp-content\/uploads\/2026\/03\/DSC_1973-2-768x768.jpg 768w\" sizes=\"(max-width: 1024px) 100vw, 1024px\" \/><\/figure>\n\n\n\n<figure class=\"wp-block-image size-large\"><img loading=\"lazy\" decoding=\"async\" width=\"1024\" height=\"1024\" data-id=\"1294\" src=\"https:\/\/beiradouro.pt\/vp\/wp-content\/uploads\/2026\/03\/DSC_2018-1-1024x1024.jpg\" alt=\"\" class=\"wp-image-1294\" srcset=\"https:\/\/beiradouro.pt\/vp\/wp-content\/uploads\/2026\/03\/DSC_2018-1-1024x1024.jpg 1024w, https:\/\/beiradouro.pt\/vp\/wp-content\/uploads\/2026\/03\/DSC_2018-1-300x300.jpg 300w, https:\/\/beiradouro.pt\/vp\/wp-content\/uploads\/2026\/03\/DSC_2018-1-150x150.jpg 150w, https:\/\/beiradouro.pt\/vp\/wp-content\/uploads\/2026\/03\/DSC_2018-1-768x768.jpg 768w\" sizes=\"(max-width: 1024px) 100vw, 1024px\" \/><\/figure>\n<\/figure>\n\n\n\n<figure class=\"wp-block-gallery has-nested-images columns-default is-cropped wp-block-gallery-3 is-layout-flex wp-block-gallery-is-layout-flex\"><\/figure>\n","protected":false},"excerpt":{"rendered":"<p>Realizou-se no passado dia 17 de mar\u00e7o, a Sess\u00e3o de Boas Pr\u00e1ticas &#8220;Inova\u00e7\u00f5es no Turismo e Enoturismo&#8221;, dinamizado pela\u00a0Beira Douro &#8211; Associa\u00e7\u00e3o de Desenvolvimento do Vale do Douro. Esta a\u00e7\u00e3o, inserida no Projeto Douro Empreendedor, decorreu na Quinta do Monte Travesso em Tabua\u00e7o e contou com a presen\u00e7a de 27 convidados, entre os quais: Quinta [&hellip;]<\/p>\n","protected":false},"author":2,"featured_media":1227,"comment_status":"closed","ping_status":"closed","sticky":false,"template":"","format":"standard","meta":{"footnotes":""},"categories":[19],"tags":[],"class_list":["post-1283","post","type-post","status-publish","format-standard","has-post-thumbnail","hentry","category-noticias"],"_links":{"self":[{"href":"https:\/\/beiradouro.pt\/vp\/wp-json\/wp\/v2\/posts\/1283","targetHints":{"allow":["GET"]}}],"collection":[{"href":"https:\/\/beiradouro.pt\/vp\/wp-json\/wp\/v2\/posts"}],"about":[{"href":"https:\/\/beiradouro.pt\/vp\/wp-json\/wp\/v2\/types\/post"}],"author":[{"embeddable":true,"href":"https:\/\/beiradouro.pt\/vp\/wp-json\/wp\/v2\/users\/2"}],"replies":[{"embeddable":true,"href":"https:\/\/beiradouro.pt\/vp\/wp-json\/wp\/v2\/comments?post=1283"}],"version-history":[{"count":3,"href":"https:\/\/beiradouro.pt\/vp\/wp-json\/wp\/v2\/posts\/1283\/revisions"}],"predecessor-version":[{"id":1307,"href":"https:\/\/beiradouro.pt\/vp\/wp-json\/wp\/v2\/posts\/1283\/revisions\/1307"}],"wp:featuredmedia":[{"embeddable":true,"href":"https:\/\/beiradouro.pt\/vp\/wp-json\/wp\/v2\/media\/1227"}],"wp:attachment":[{"href":"https:\/\/beiradouro.pt\/vp\/wp-json\/wp\/v2\/media?parent=1283"}],"wp:term":[{"taxonomy":"category","embeddable":true,"href":"https:\/\/beiradouro.pt\/vp\/wp-json\/wp\/v2\/categories?post=1283"},{"taxonomy":"post_tag","embeddable":true,"href":"https:\/\/beiradouro.pt\/vp\/wp-json\/wp\/v2\/tags?post=1283"}],"curies":[{"name":"wp","href":"https:\/\/api.w.org\/{rel}","templated":true}]}}