{"id":1237,"date":"2026-01-29T11:02:00","date_gmt":"2026-01-29T11:02:00","guid":{"rendered":"https:\/\/beiradouro.pt\/vp\/?p=1237"},"modified":"2026-01-29T11:56:37","modified_gmt":"2026-01-29T11:56:37","slug":"acao-de-formacao-planeamento-de-pequenos-negocios","status":"publish","type":"post","link":"https:\/\/beiradouro.pt\/vp\/2026\/01\/29\/acao-de-formacao-planeamento-de-pequenos-negocios\/","title":{"rendered":"A\u00e7\u00e3o de Forma\u00e7\u00e3o &#8211; Planeamento de Pequenos Neg\u00f3cios"},"content":{"rendered":"\n<p>No pr\u00f3ximo dia&nbsp;<strong>11 de fevereiro, \u00e0s 10h<\/strong>, realiza-se a a\u00e7\u00e3o de forma\u00e7\u00e3o online&nbsp;<strong>\u201cPlaneamento de Pequenos Neg\u00f3cios\u201d<\/strong>, dinamizado pela&nbsp;<strong>Douro<\/strong>&nbsp;Superior Associa\u00e7\u00e3o de Desenvolvimento.<\/p>\n\n\n\n<p>A participa\u00e7\u00e3o \u00e9 gratuita, mas a inscri\u00e7\u00e3o \u00e9 obrigat\u00f3ria e pode ser feita <a href=\"https:\/\/forms.gle\/c1dXxNFCQvPUf6rP7\" data-type=\"link\" data-id=\"https:\/\/docs.google.com\/forms\/d\/e\/1FAIpQLScL-5lBasdnVq2rmuivtaGA4n5sOdIjH0H3IYDzO6CZ7U_YpQ\/viewform?usp=header\">atrav\u00e9s do link<\/a>:<\/p>\n\n\n<div class=\"wp-block-image\">\n<figure class=\"aligncenter size-full is-resized\"><a href=\"https:\/\/beiradouro.pt\/vp\/wp-content\/uploads\/2026\/01\/AF6-Codigo-QR.jpg\"><img fetchpriority=\"high\" decoding=\"async\" width=\"793\" height=\"1122\" src=\"https:\/\/beiradouro.pt\/vp\/wp-content\/uploads\/2026\/01\/AF6-Codigo-QR.jpg\" alt=\"\" class=\"wp-image-1245\" style=\"width:278px;height:auto\"\/><\/a><\/figure>\n<\/div>\n\n\n<p>Esta a\u00e7\u00e3o insere-se no Projeto Douro Empreendedor,  espa\u00e7o criado para apoiar o desenvolvimento de novas ideias, neg\u00f3cios e projetos na regi\u00e3o do Douro, disponibilizando recursos como forma\u00e7\u00e3o, consultoria, programas de financiamento e eventos, com o objetivo de fortalecer o ecossistema empreendedor local.<\/p>\n\n\n\n<p>Pode consultar a calendariza\u00e7\u00e3o das restantes a\u00e7\u00f5es do projeto <a href=\"https:\/\/beiradouro.pt\/vp\/douro-empreendedor\/de-formacao-e-capacitacao\/\" data-type=\"link\" data-id=\"https:\/\/beiradouro.pt\/vp\/douro-empreendedor\/de-formacao-e-capacitacao\/\">atrav\u00e9s deste link<\/a>.<\/p>\n\n\n\n<p><\/p>\n","protected":false},"excerpt":{"rendered":"<p>No pr\u00f3ximo dia&nbsp;11 de fevereiro, \u00e0s 10h, realiza-se a a\u00e7\u00e3o de forma\u00e7\u00e3o online&nbsp;\u201cPlaneamento de Pequenos Neg\u00f3cios\u201d, dinamizado pela&nbsp;Douro&nbsp;Superior Associa\u00e7\u00e3o de Desenvolvimento. A participa\u00e7\u00e3o \u00e9 gratuita, mas a inscri\u00e7\u00e3o \u00e9 obrigat\u00f3ria e pode ser feita atrav\u00e9s do link: Esta a\u00e7\u00e3o insere-se no Projeto Douro Empreendedor, espa\u00e7o criado para apoiar o desenvolvimento de novas ideias, neg\u00f3cios e [&hellip;]<\/p>\n","protected":false},"author":2,"featured_media":1227,"comment_status":"closed","ping_status":"closed","sticky":false,"template":"","format":"standard","meta":{"footnotes":""},"categories":[19],"tags":[],"class_list":["post-1237","post","type-post","status-publish","format-standard","has-post-thumbnail","hentry","category-noticias"],"_links":{"self":[{"href":"https:\/\/beiradouro.pt\/vp\/wp-json\/wp\/v2\/posts\/1237","targetHints":{"allow":["GET"]}}],"collection":[{"href":"https:\/\/beiradouro.pt\/vp\/wp-json\/wp\/v2\/posts"}],"about":[{"href":"https:\/\/beiradouro.pt\/vp\/wp-json\/wp\/v2\/types\/post"}],"author":[{"embeddable":true,"href":"https:\/\/beiradouro.pt\/vp\/wp-json\/wp\/v2\/users\/2"}],"replies":[{"embeddable":true,"href":"https:\/\/beiradouro.pt\/vp\/wp-json\/wp\/v2\/comments?post=1237"}],"version-history":[{"count":2,"href":"https:\/\/beiradouro.pt\/vp\/wp-json\/wp\/v2\/posts\/1237\/revisions"}],"predecessor-version":[{"id":1247,"href":"https:\/\/beiradouro.pt\/vp\/wp-json\/wp\/v2\/posts\/1237\/revisions\/1247"}],"wp:featuredmedia":[{"embeddable":true,"href":"https:\/\/beiradouro.pt\/vp\/wp-json\/wp\/v2\/media\/1227"}],"wp:attachment":[{"href":"https:\/\/beiradouro.pt\/vp\/wp-json\/wp\/v2\/media?parent=1237"}],"wp:term":[{"taxonomy":"category","embeddable":true,"href":"https:\/\/beiradouro.pt\/vp\/wp-json\/wp\/v2\/categories?post=1237"},{"taxonomy":"post_tag","embeddable":true,"href":"https:\/\/beiradouro.pt\/vp\/wp-json\/wp\/v2\/tags?post=1237"}],"curies":[{"name":"wp","href":"https:\/\/api.w.org\/{rel}","templated":true}]}}