{"id":1225,"date":"2025-12-02T15:00:17","date_gmt":"2025-12-02T15:00:17","guid":{"rendered":"https:\/\/beiradouro.pt\/vp\/?p=1225"},"modified":"2025-12-02T15:00:18","modified_gmt":"2025-12-02T15:00:18","slug":"webinar-inteligencia-artificial","status":"publish","type":"post","link":"https:\/\/beiradouro.pt\/vp\/2025\/12\/02\/webinar-inteligencia-artificial\/","title":{"rendered":"Webinar &#8211; Intelig\u00eancia Artificial"},"content":{"rendered":"\n<p>No \u00e2mbito do projeto de Capacita\u00e7\u00e3o de Entidades Territoriais de Suporte \u00e0 Dinamiza\u00e7\u00e3o do Emprego e do Empreendedorismo, a Beira Douro ir\u00e1 realizar com o apoio da Escola Superior de Tecnologia e Gest\u00e3o de Lamego, o Webinar \u2013\u201c Intelig\u00eancia Artificial: Estrat\u00e9gias para aumentar a produtividade\u201d, a decorrer em formato e-learning na plataforma Teams no dia 10 de dezembro pelas 15horas.<\/p>\n\n\n\n<p>A participa\u00e7\u00e3o \u00e9 gratuita, mas a inscri\u00e7\u00e3o \u00e9 obrigat\u00f3ria e pode ser feita <a href=\"https:\/\/docs.google.com\/forms\/d\/e\/1FAIpQLScL-5lBasdnVq2rmuivtaGA4n5sOdIjH0H3IYDzO6CZ7U_YpQ\/viewform?usp=header\" data-type=\"link\" data-id=\"https:\/\/docs.google.com\/forms\/d\/e\/1FAIpQLScL-5lBasdnVq2rmuivtaGA4n5sOdIjH0H3IYDzO6CZ7U_YpQ\/viewform?usp=header\">atrav\u00e9s do link<\/a>:<\/p>\n\n\n<div class=\"wp-block-image\">\n<figure class=\"aligncenter size-full is-resized\"><img fetchpriority=\"high\" decoding=\"async\" width=\"1825\" height=\"2560\" src=\"https:\/\/beiradouro.pt\/vp\/wp-content\/uploads\/2025\/12\/Cartaz-W1-scaled.jpg\" alt=\"\" class=\"wp-image-1228\" style=\"width:278px;height:auto\" srcset=\"https:\/\/beiradouro.pt\/vp\/wp-content\/uploads\/2025\/12\/Cartaz-W1-scaled.jpg 1825w, https:\/\/beiradouro.pt\/vp\/wp-content\/uploads\/2025\/12\/Cartaz-W1-1095x1536.jpg 1095w, https:\/\/beiradouro.pt\/vp\/wp-content\/uploads\/2025\/12\/Cartaz-W1-1460x2048.jpg 1460w\" sizes=\"(max-width: 1825px) 100vw, 1825px\" \/><\/figure>\n<\/div>\n\n\n<p>Esta a\u00e7\u00e3o insere-se no Projeto Douro Empreendedor que pretende contribuir para a capacita\u00e7\u00e3o dos potenciais empreendedores, ou benefici\u00e1rios de medidas de apoio ao emprego e \u00e0s empresas, em territ\u00f3rio caracterizado por baixo dinamismo econ\u00f3mico e limitada densidade de intera\u00e7\u00f5es econ\u00f3micas e sociais.<\/p>\n\n\n\n<p>Pode consultar a calendariza\u00e7\u00e3o das restantes a\u00e7\u00f5es do projeto <a href=\"https:\/\/beiradouro.pt\/vp\/douro-empreendedor\/de-formacao-e-capacitacao\/\" data-type=\"link\" data-id=\"https:\/\/beiradouro.pt\/vp\/douro-empreendedor\/de-formacao-e-capacitacao\/\">atrav\u00e9s deste link<\/a>.<\/p>\n\n\n\n<p><\/p>\n","protected":false},"excerpt":{"rendered":"<p>No \u00e2mbito do projeto de Capacita\u00e7\u00e3o de Entidades Territoriais de Suporte \u00e0 Dinamiza\u00e7\u00e3o do Emprego e do Empreendedorismo, a Beira Douro ir\u00e1 realizar com o apoio da Escola Superior de Tecnologia e Gest\u00e3o de Lamego, o Webinar \u2013\u201c Intelig\u00eancia Artificial: Estrat\u00e9gias para aumentar a produtividade\u201d, a decorrer em formato e-learning na plataforma Teams no dia [&hellip;]<\/p>\n","protected":false},"author":2,"featured_media":1227,"comment_status":"closed","ping_status":"closed","sticky":false,"template":"","format":"standard","meta":{"footnotes":""},"categories":[19],"tags":[],"class_list":["post-1225","post","type-post","status-publish","format-standard","has-post-thumbnail","hentry","category-noticias"],"_links":{"self":[{"href":"https:\/\/beiradouro.pt\/vp\/wp-json\/wp\/v2\/posts\/1225","targetHints":{"allow":["GET"]}}],"collection":[{"href":"https:\/\/beiradouro.pt\/vp\/wp-json\/wp\/v2\/posts"}],"about":[{"href":"https:\/\/beiradouro.pt\/vp\/wp-json\/wp\/v2\/types\/post"}],"author":[{"embeddable":true,"href":"https:\/\/beiradouro.pt\/vp\/wp-json\/wp\/v2\/users\/2"}],"replies":[{"embeddable":true,"href":"https:\/\/beiradouro.pt\/vp\/wp-json\/wp\/v2\/comments?post=1225"}],"version-history":[{"count":1,"href":"https:\/\/beiradouro.pt\/vp\/wp-json\/wp\/v2\/posts\/1225\/revisions"}],"predecessor-version":[{"id":1229,"href":"https:\/\/beiradouro.pt\/vp\/wp-json\/wp\/v2\/posts\/1225\/revisions\/1229"}],"wp:featuredmedia":[{"embeddable":true,"href":"https:\/\/beiradouro.pt\/vp\/wp-json\/wp\/v2\/media\/1227"}],"wp:attachment":[{"href":"https:\/\/beiradouro.pt\/vp\/wp-json\/wp\/v2\/media?parent=1225"}],"wp:term":[{"taxonomy":"category","embeddable":true,"href":"https:\/\/beiradouro.pt\/vp\/wp-json\/wp\/v2\/categories?post=1225"},{"taxonomy":"post_tag","embeddable":true,"href":"https:\/\/beiradouro.pt\/vp\/wp-json\/wp\/v2\/tags?post=1225"}],"curies":[{"name":"wp","href":"https:\/\/api.w.org\/{rel}","templated":true}]}}