{"id":1127,"date":"2025-10-15T09:18:38","date_gmt":"2025-10-15T09:18:38","guid":{"rendered":"https:\/\/beiradouro.pt\/vp\/?p=1127"},"modified":"2025-10-15T11:25:24","modified_gmt":"2025-10-15T11:25:24","slug":"sessoes-divulgacao-pequenos-investimentos-na-exploracao-agricola","status":"publish","type":"post","link":"https:\/\/beiradouro.pt\/vp\/2025\/10\/15\/sessoes-divulgacao-pequenos-investimentos-na-exploracao-agricola\/","title":{"rendered":"Sess\u00f5es Divulga\u00e7\u00e3o &#8211; Pequenos investimentos na explora\u00e7\u00e3o agr\u00edcola"},"content":{"rendered":"\n<p>No seguimento da abertura do aviso de candidaturas \u00e0 Interven\u00e7\u00e3o D.1.1.1.1. &#8211; Pequenos investimentos na explora\u00e7\u00e3o agr\u00edcola, a Beira Douro &#8211; Associa\u00e7\u00e3o de Desenvolvimento do Vale do Douro vai promover sess\u00f5es de esclarecimento sobre esta medida, com a seguinte calendariza\u00e7\u00e3o:<\/p>\n\n\n\n<ul class=\"wp-block-list\">\n<li><strong>Lamego<\/strong> &#8211; dia 20 de outubro \u00e0s 15h00 na Sede da Beira Douro (audit\u00f3rio) &#8211; Avenida das Ac\u00e1cias;<\/li>\n\n\n\n<li><strong>Moimenta da Beira<\/strong> &#8211; dia 21 de outubro \u00e0s 10h30 no Audit\u00f3rio da Biblioteca Municipal Aquilino Ribeiro;<\/li>\n\n\n\n<li><strong>Sernancelhe <\/strong>&#8211; dia 22 de outubro \u00e0s 10h30 no Mini Audit\u00f3rio do Centro de Artes na Rua Dr. Oliveira Serr\u00e3o;<\/li>\n\n\n\n<li><strong>Tarouca<\/strong> &#8211; dia 23 de outubro \u00e0s 10h30 na Casa do Pa\u00e7o &#8211; Dalvares.<\/li>\n\n\n\n<li><strong>S\u00e3o Jo\u00e3o da Pesqueira <\/strong>&#8211; dia 24 de outubro \u00e0s 10h30 na Biblioteca Municipal de S\u00e3o Jo\u00e3o da Pesqueira.<\/li>\n<\/ul>\n\n\n\n<p>A participa\u00e7\u00e3o nas sess\u00f5es \u00e9 aberta ao p\u00fablico. <\/p>\n\n\n\n<p>O per\u00edodo de candidatura a estas medidas decorre entre as 17h00 do dia 29 de setembro de 2025 e as 17h00 do dia 14 de novembro, sendo que a candidatura deve ser submetida atrav\u00e9s do <a href=\"https:\/\/fundosparaagricultura.pt\/login-autenticacao-govpt\">Balc\u00e3o dos Fundos da Agricultura.<\/a><br><br><strong>Documentos de suporte \u00e0 candidatura<\/strong><a href=\"https:\/\/pepacc.pt\/wp-content\/uploads\/2025\/09\/AVISO_D1111_01_2025_BEIRA-DOURO.pdf\" target=\"_blank\" rel=\"noreferrer noopener\"><\/a><\/p>\n\n\n\n<p><a href=\"https:\/\/pepacc.pt\/wp-content\/uploads\/2025\/09\/AVISO_D1111_01_2025_BEIRA-DOURO.pdf\" target=\"_blank\" rel=\"noreferrer noopener\"><strong>Aviso de Abertura de Candidaturas \u00e0 Interven\u00e7\u00e3o D.1.1.1.1 \u2013 Pequenos investimentos na explora\u00e7\u00e3o agr\u00edcola \u2013 BEIRA-DOURO<\/strong>(4 MB)<\/a><\/p>\n\n\n\n<p><a href=\"https:\/\/pepacc.pt\/wp-content\/uploads\/2025\/09\/OT_24_2025_D.1.1.1.1_V2.pdf\" target=\"_blank\" rel=\"noreferrer noopener\"><strong>Orienta\u00e7\u00e3o T\u00e9cnica N.\u00ba 24\/2025 (Pequenos investimentos na explora\u00e7\u00e3o agr\u00edcola)<\/strong>(640 KB)<\/a><\/p>\n\n\n\n<p><a href=\"https:\/\/pepacc.pt\/wp-content\/uploads\/2025\/09\/OT-Anexo_24_2025_D.1.1.1.1_V2.pdf\" target=\"_blank\" rel=\"noreferrer noopener\"><strong>Anexos \u2013 Orienta\u00e7\u00e3o T\u00e9cnica N.\u00ba 24\/2025 (Pequenos investimentos na explora\u00e7\u00e3o agr\u00edcola)<\/strong><\/a><\/p>\n\n\n\n<p><\/p>\n\n\n\n<p><\/p>\n\n\n\n<p><\/p>\n","protected":false},"excerpt":{"rendered":"<p>No seguimento da abertura do aviso de candidaturas \u00e0 Interven\u00e7\u00e3o D.1.1.1.1. &#8211; Pequenos investimentos na explora\u00e7\u00e3o agr\u00edcola, a Beira Douro &#8211; Associa\u00e7\u00e3o de Desenvolvimento do Vale do Douro vai promover sess\u00f5es de esclarecimento sobre esta medida, com a seguinte calendariza\u00e7\u00e3o: A participa\u00e7\u00e3o nas sess\u00f5es \u00e9 aberta ao p\u00fablico. O per\u00edodo de candidatura a estas medidas [&hellip;]<\/p>\n","protected":false},"author":2,"featured_media":1107,"comment_status":"closed","ping_status":"closed","sticky":false,"template":"","format":"standard","meta":{"footnotes":""},"categories":[19],"tags":[],"class_list":["post-1127","post","type-post","status-publish","format-standard","has-post-thumbnail","hentry","category-noticias"],"_links":{"self":[{"href":"https:\/\/beiradouro.pt\/vp\/wp-json\/wp\/v2\/posts\/1127","targetHints":{"allow":["GET"]}}],"collection":[{"href":"https:\/\/beiradouro.pt\/vp\/wp-json\/wp\/v2\/posts"}],"about":[{"href":"https:\/\/beiradouro.pt\/vp\/wp-json\/wp\/v2\/types\/post"}],"author":[{"embeddable":true,"href":"https:\/\/beiradouro.pt\/vp\/wp-json\/wp\/v2\/users\/2"}],"replies":[{"embeddable":true,"href":"https:\/\/beiradouro.pt\/vp\/wp-json\/wp\/v2\/comments?post=1127"}],"version-history":[{"count":8,"href":"https:\/\/beiradouro.pt\/vp\/wp-json\/wp\/v2\/posts\/1127\/revisions"}],"predecessor-version":[{"id":1136,"href":"https:\/\/beiradouro.pt\/vp\/wp-json\/wp\/v2\/posts\/1127\/revisions\/1136"}],"wp:featuredmedia":[{"embeddable":true,"href":"https:\/\/beiradouro.pt\/vp\/wp-json\/wp\/v2\/media\/1107"}],"wp:attachment":[{"href":"https:\/\/beiradouro.pt\/vp\/wp-json\/wp\/v2\/media?parent=1127"}],"wp:term":[{"taxonomy":"category","embeddable":true,"href":"https:\/\/beiradouro.pt\/vp\/wp-json\/wp\/v2\/categories?post=1127"},{"taxonomy":"post_tag","embeddable":true,"href":"https:\/\/beiradouro.pt\/vp\/wp-json\/wp\/v2\/tags?post=1127"}],"curies":[{"name":"wp","href":"https:\/\/api.w.org\/{rel}","templated":true}]}}