{"id":1103,"date":"2025-09-29T16:01:53","date_gmt":"2025-09-29T16:01:53","guid":{"rendered":"https:\/\/beiradouro.pt\/vp\/?p=1103"},"modified":"2025-09-29T16:10:53","modified_gmt":"2025-09-29T16:10:53","slug":"aviso-de-abertura-de-candidaturas-pequenos-investimentos-na-exploracao-agricola","status":"publish","type":"post","link":"https:\/\/beiradouro.pt\/vp\/2025\/09\/29\/aviso-de-abertura-de-candidaturas-pequenos-investimentos-na-exploracao-agricola\/","title":{"rendered":"Abertura de Candidaturas"},"content":{"rendered":"\n<p>Est\u00e1 a decorrer entre as 17:00 do dia 29 de setembro de 2025 e as 17:00 do dia 14 de novembro, o per\u00edodo de candidaturas \u00e0 Interven\u00e7\u00e3o D.1.1.1.1. &#8211; Pequenos investimentos na explora\u00e7\u00e3o agr\u00edcola.<\/p>\n\n\n\n<p>A candidatura deve ser submetida atrav\u00e9s do <a href=\"https:\/\/fundosparaagricultura.pt\/login-autenticacao-govpt\">Balc\u00e3o dos Fundos da Agricultura.<\/a><br><br><strong>Documentos de suporte \u00e0 candidatura<\/strong><a href=\"https:\/\/pepacc.pt\/wp-content\/uploads\/2025\/09\/AVISO_D1111_01_2025_BEIRA-DOURO.pdf\" target=\"_blank\" rel=\"noreferrer noopener\"><\/a><\/p>\n\n\n\n<p><a href=\"https:\/\/pepacc.pt\/wp-content\/uploads\/2025\/09\/AVISO_D1111_01_2025_BEIRA-DOURO.pdf\" target=\"_blank\" rel=\"noreferrer noopener\"><strong>Aviso de Abertura de Candidaturas \u00e0 Interven\u00e7\u00e3o D.1.1.1.1 \u2013 Pequenos investimentos na explora\u00e7\u00e3o agr\u00edcola \u2013 BEIRA-DOURO<\/strong>(4 MB)<\/a><\/p>\n\n\n\n<p><a href=\"https:\/\/pepacc.pt\/wp-content\/uploads\/2025\/09\/OT_24_2025_D.1.1.1.1_V2.pdf\" target=\"_blank\" rel=\"noreferrer noopener\"><strong>Orienta\u00e7\u00e3o T\u00e9cnica N.\u00ba 24\/2025 (Pequenos investimentos na explora\u00e7\u00e3o agr\u00edcola)<\/strong>(640 KB)<\/a><\/p>\n\n\n\n<p><a href=\"https:\/\/pepacc.pt\/wp-content\/uploads\/2025\/09\/OT-Anexo_24_2025_D.1.1.1.1_V2.pdf\" target=\"_blank\" rel=\"noreferrer noopener\"><strong>Anexos \u2013 Orienta\u00e7\u00e3o T\u00e9cnica N.\u00ba 24\/2025 (Pequenos investimentos na explora\u00e7\u00e3o agr\u00edcola)<\/strong><\/a><\/p>\n\n\n\n<p><\/p>\n\n\n\n<p><\/p>\n\n\n\n<p><\/p>\n","protected":false},"excerpt":{"rendered":"<p>Est\u00e1 a decorrer entre as 17:00 do dia 29 de setembro de 2025 e as 17:00 do dia 14 de novembro, o per\u00edodo de candidaturas \u00e0 Interven\u00e7\u00e3o D.1.1.1.1. &#8211; Pequenos investimentos na explora\u00e7\u00e3o agr\u00edcola. A candidatura deve ser submetida atrav\u00e9s do Balc\u00e3o dos Fundos da Agricultura. Documentos de suporte \u00e0 candidatura Aviso de Abertura de [&hellip;]<\/p>\n","protected":false},"author":2,"featured_media":1107,"comment_status":"closed","ping_status":"closed","sticky":false,"template":"","format":"standard","meta":{"footnotes":""},"categories":[19],"tags":[],"class_list":["post-1103","post","type-post","status-publish","format-standard","has-post-thumbnail","hentry","category-noticias"],"_links":{"self":[{"href":"https:\/\/beiradouro.pt\/vp\/wp-json\/wp\/v2\/posts\/1103","targetHints":{"allow":["GET"]}}],"collection":[{"href":"https:\/\/beiradouro.pt\/vp\/wp-json\/wp\/v2\/posts"}],"about":[{"href":"https:\/\/beiradouro.pt\/vp\/wp-json\/wp\/v2\/types\/post"}],"author":[{"embeddable":true,"href":"https:\/\/beiradouro.pt\/vp\/wp-json\/wp\/v2\/users\/2"}],"replies":[{"embeddable":true,"href":"https:\/\/beiradouro.pt\/vp\/wp-json\/wp\/v2\/comments?post=1103"}],"version-history":[{"count":3,"href":"https:\/\/beiradouro.pt\/vp\/wp-json\/wp\/v2\/posts\/1103\/revisions"}],"predecessor-version":[{"id":1111,"href":"https:\/\/beiradouro.pt\/vp\/wp-json\/wp\/v2\/posts\/1103\/revisions\/1111"}],"wp:featuredmedia":[{"embeddable":true,"href":"https:\/\/beiradouro.pt\/vp\/wp-json\/wp\/v2\/media\/1107"}],"wp:attachment":[{"href":"https:\/\/beiradouro.pt\/vp\/wp-json\/wp\/v2\/media?parent=1103"}],"wp:term":[{"taxonomy":"category","embeddable":true,"href":"https:\/\/beiradouro.pt\/vp\/wp-json\/wp\/v2\/categories?post=1103"},{"taxonomy":"post_tag","embeddable":true,"href":"https:\/\/beiradouro.pt\/vp\/wp-json\/wp\/v2\/tags?post=1103"}],"curies":[{"name":"wp","href":"https:\/\/api.w.org\/{rel}","templated":true}]}}